{"id":2741,"date":"2021-03-04T21:10:30","date_gmt":"2021-03-04T20:10:30","guid":{"rendered":"http:\/\/www.riedel.aero\/?p=2741"},"modified":"2021-06-13T19:04:08","modified_gmt":"2021-06-13T18:04:08","slug":"egelsbach-giebelstadt-augsburg","status":"publish","type":"post","link":"https:\/\/www.riedel.aero\/?p=2741","title":{"rendered":"Egelsbach &#8211; Giebelstadt &#8211; Augsburg"},"content":{"rendered":"<p>Die 200h-Kontrolle und das WAAS-Upgrade sind fertig, also konnten wir heute die GIGA wieder in Egelsbach abholen. Es ging also zun\u00e4chst mit dem Mietwagen dort hin und wir sind gegen Mittag angekommen. Das Wetter war zwar an sich ganz gut, aber von Westen her sollte es ab Mittag labil werden und sogar Gewitter waren angesagt &#8211; je fr\u00fcher wir wegkommen w\u00fcrden, umso besser w\u00e4re es also.<\/p>\n<p>Tats\u00e4chlich war der Abflug dann wetterm\u00e4\u00dfig eine Just-in-Time-Produktion: kurz hinter dem Platz war es dunkel und zugezogen und ein Schauer im Anmarsch. Das METAR von Frankfurt zur Abflugzeit meldete sogar &#8220;FEW045CB &#8230; TEMPO SHRA&#8221; (also Cumulonimbus-Wolken und Schauer). Nachdem wir ja in Richtung Osten unterwegs waren, dachte ich, wir w\u00e4ren deutlich schneller als das Wetter. Das war aber etwas geirrt, denn die Wolken schossen \u00fcberall hoch. Wir waren IFR unterwegs, wieder nach Giebelstadt, schlie\u00dflich wollte ich gleich das neue WAAS-GPS mal ausprobieren. Zum Gl\u00fcck waren wir immer ganz knapp unter bzw. nur wenige Fuss in den Wolken, was uns einiges an Turbulenz erspart haben d\u00fcrfte &#8211; trotzdem war es ziemlich bockig. Rechts neben uns war dann also Giebelstadt und ein dicker Schauer auch schon neben dem Platz in Sicht, IFR ist dort die Platzrunde aber echt gro\u00df und dauert entsprechend.<\/p>\n<p><a href=\"\/wp-content\/uploads\/2021\/03\/IMG_0186-scaled.jpeg\"><img loading=\"lazy\" class=\"alignleft size-medium wp-image-2781\" src=\"\/wp-content\/uploads\/2021\/03\/IMG_0186_Part-300x231.jpeg\" alt=\"\" width=\"300\" height=\"231\"><\/a> Der Anflug ist dann dort &#8220;nur&#8221; ein LNAV-Approach, also ohne ver\u00f6ffentlichte H\u00f6henf\u00fchrung. Trotzdem hat das WAAS-G1000 dann einen &#8220;advisory glideslope&#8221;, d.h. es zeigt einen &#8220;empfohlenen&#8221; Gleitpfad an, den man auch mit dem Autopiloten runterfliegen kann. Das ist nat\u00fcrlich sehr nett und funktionierte auch sehr gut. Bei der Landung war es noch trocken, aber als ich zum Bezahlen der Landegeb\u00fchren ausgestiegen bin, fing es leicht zu regnen an. Ich war dann nicht schnell genug und als ich wieder im Flieger sa\u00df, fing es m\u00e4chtig zu sch\u00fctten an. Also habe ich erstmal den Flugplan verschoben und wir haben den Regenguss abgewartet. So wird das Flugzeug auch mal sauber&#8230;<\/p>\n<p>Nachdem der Schauer vorbei war, kam schon der n\u00e4chste hinterher. Da w\u00fcrde aber der Start genau zwischen rein passen und laut Radar war s\u00fcdlich von uns auch nichts mehr los. Wir sind dann also z\u00fcgig gestartet und der Lotse hat uns noch vor dem Schauer in Richtung Dinkelsb\u00fchl abdrehen lassen. Es war dann nur noch ein kleinerer TCU \u00fcber uns (also etwas bockig) und danach war es dann wieder ganz gutes Wetter bis nach Augsburg.<\/p>\n<p>Dort war die Piste 25 in Betrieb, also eigentlich das ILS, aber ich wollte heute nat\u00fcrlich den RNP(GPS)-Anflug haben. Der ist LPV (das steht f\u00fcr &#8220;Localizer Performance with Vertical Guidance&#8221;) und das ist das genaueste was es an GPS-Anflug gibt. Letztlich ist aber im G1000 kein Unterschied erkennbar &#8211; es gibt auch einen Glideslope. Evtl. ist so ein gelber Strich neben dem Glideslope der Unterschied &#8211; im Handbuch steht allerdings nicht, was der gelbe Strich genau bedeutet.<\/p>\n<p>Wir sind also den Approach runtergeflogen und das f\u00fchlt sich nicht anders an, als ein ILS. Das ist im Vergleich zu den GPS-Anfl\u00fcgen vorher (also ohne WAAS) schon sehr sch\u00f6n. Dort gibt es dann n\u00e4mlich ab dem FAF (Final Approach Fix) gar keine H\u00f6henf\u00fchrung mehr. Und gerade bei schlechtem Wetter ist H\u00f6henf\u00fchrung nat\u00fcrlich sehr sch\u00f6n. Bislang bin ich den Anflug auf die Piste 07 in Augsburg zum Beispiel im Herbst immer nicht so gerne geflogen.<\/p>\n<p><a href=\"\/wp-content\/uploads\/2103-EDFE-EDMA.htm\" target=\"_blank\" rel=\"noopener noreferrer\"><img loading=\"lazy\" class=\"alignnone\" title=\"Track\" src=\"\/wp-content\/images\/maps.png\" alt=\"\" width=\"48\" height=\"48\"><\/a>&nbsp;<a href=\"\/wp-content\/uploads\/2103-EDFE-EDMA.htm\" target=\"_blank\" rel=\"noopener noreferrer\">Track<\/a><\/p>\n","protected":false},"excerpt":{"rendered":"<p>Die 200h-Kontrolle und das WAAS-Upgrade sind fertig, also konnten wir heute die GIGA wieder in Egelsbach abholen. Es ging also zun\u00e4chst mit dem Mietwagen dort hin und wir sind gegen Mittag angekommen. Das Wetter war zwar an sich ganz gut, aber von Westen her sollte es ab Mittag labil werden und sogar Gewitter waren angesagt [&hellip;]<\/p>\n","protected":false},"author":1,"featured_media":0,"comment_status":"open","ping_status":"open","sticky":false,"template":"","format":"standard","meta":{"ngg_post_thumbnail":0,"spay_email":""},"categories":[8,114,28,79,162],"tags":[],"jetpack_featured_media_url":"","_links":{"self":[{"href":"https:\/\/www.riedel.aero\/index.php?rest_route=\/wp\/v2\/posts\/2741"}],"collection":[{"href":"https:\/\/www.riedel.aero\/index.php?rest_route=\/wp\/v2\/posts"}],"about":[{"href":"https:\/\/www.riedel.aero\/index.php?rest_route=\/wp\/v2\/types\/post"}],"author":[{"embeddable":true,"href":"https:\/\/www.riedel.aero\/index.php?rest_route=\/wp\/v2\/users\/1"}],"replies":[{"embeddable":true,"href":"https:\/\/www.riedel.aero\/index.php?rest_route=%2Fwp%2Fv2%2Fcomments&post=2741"}],"version-history":[{"count":9,"href":"https:\/\/www.riedel.aero\/index.php?rest_route=\/wp\/v2\/posts\/2741\/revisions"}],"predecessor-version":[{"id":2788,"href":"https:\/\/www.riedel.aero\/index.php?rest_route=\/wp\/v2\/posts\/2741\/revisions\/2788"}],"wp:attachment":[{"href":"https:\/\/www.riedel.aero\/index.php?rest_route=%2Fwp%2Fv2%2Fmedia&parent=2741"}],"wp:term":[{"taxonomy":"category","embeddable":true,"href":"https:\/\/www.riedel.aero\/index.php?rest_route=%2Fwp%2Fv2%2Fcategories&post=2741"},{"taxonomy":"post_tag","embeddable":true,"href":"https:\/\/www.riedel.aero\/index.php?rest_route=%2Fwp%2Fv2%2Ftags&post=2741"}],"curies":[{"name":"wp","href":"https:\/\/api.w.org\/{rel}","templated":true}]}}